{"id":1055,"date":"2023-09-11T17:54:20","date_gmt":"2023-09-11T17:54:20","guid":{"rendered":"http:\/\/lagumex.mx\/index\/?p=1055"},"modified":"2023-09-13T17:55:06","modified_gmt":"2023-09-13T17:55:06","slug":"oferta-la-uadec-sus-posgrados-en-feria-virtual-2023","status":"publish","type":"post","link":"https:\/\/lagumex.mx\/index\/uncategorized\/uac\/uac-uac\/oferta-la-uadec-sus-posgrados-en-feria-virtual-2023\/","title":{"rendered":"Oferta la UAdeC sus Posgrados en Feria Virtual 2023"},"content":{"rendered":"\n<p>SALTILLO, Coahuila. 11 de septiembre de 2023. Con el objetivo de dar a conocer la oferta acad\u00e9mica en maestr\u00edas y doctorados de la Universidad Aut\u00f3noma de Coahuila, este lunes inici\u00f3 la \u201cFeria Virtual de Posgrados\u201d, que lleva a cabo la Direcci\u00f3n de Investigaci\u00f3n y Posgrado y se desarrolla del 11 al 14 de septiembre de 2023 a trav\u00e9s de la p\u00e1gina de Facebook Investigaci\u00f3n y Posgrado UAdeC.<\/p>\n\n\n\n<p>La bienvenida estuvo a cargo del director de Investigaci\u00f3n y Posgrado, Crist\u00f3bal No\u00e9 Aguilar Gonz\u00e1lez, quien coment\u00f3 que el panorama actual en el mundo no es muy alentador, pues se presentan muchos retos, esto ante pandemias, guerras, el cambio clim\u00e1tico, entre otras cosas, por lo que es a trav\u00e9s de la educaci\u00f3n que el ser humano tiene la posibilidad de contribuir al desarrollo, local, nacional y mundial.<\/p>\n\n\n\n<p>Por otro lado, la Mtra. Olimpia Garay Santos, comparti\u00f3 que se tienen dos fechas para presentar el examen de admisi\u00f3n para las distintas opciones de posgrados, el 29 de septiembre y 3 de noviembre de 2023, invit\u00f3 a visitar http:\/\/www.investigacionyposgrado.uadec.mx\/inicio\/admisiones-posgrado\/, donde se encuentra publicada la convocatoria y los programas que tienen apertura para enero de 2024.<\/p>\n\n\n\n<p>Durante el evento virtual se imparti\u00f3 la conferencia \u201c\u00bfPor qu\u00e9 estudiar un posgrado?\u201d a cargo de la coordinadora de Desarrollo Cient\u00edfico y secretaria t\u00e9cnica del Fondo para la Investigaci\u00f3n Cient\u00edfica y Tecnol\u00f3gica (FONCYT), Vanessa Mart\u00ednez Sosa, comparti\u00f3 que quien estudia un posgrado actualiza sus conocimientos, adquiere muevas competencias, adem\u00e1s se convierte en experto en un \u00e1rea del conocimiento al profundizar en el estudio, al tiempo que, puede aprender a ser m\u00e1s din\u00e1mico e innovador.<\/p>\n\n\n\n<p>Se\u00f1al\u00f3 que, en M\u00e9xico cada vez hay m\u00e1s personas que tienen la posibilidad de estudiar una licenciatura, lo que significa que la competencia laboral dentro de las empresas se hace cada vez m\u00e1s compleja, es por ello, que tener un grado de posgrado puede ayudar a sobresalir y diferenciarse del amplio mercado de licenciados y as\u00ed poder entrar al mercado laboral de especialistas y masters.<\/p>\n\n\n\n<p>Dijo que, la mayor\u00eda de las empresas internacionales o de gran tama\u00f1o a nivel nacional est\u00e1n interesadas en que su personal contin\u00fae desarroll\u00e1ndose, no solo para adquirir un mejor puesto o un incremento salarial, sino tambi\u00e9n, para que sigan aprendiendo y especializ\u00e1ndose en temas nuevos o adicionales a sus puestos, lo que permitir\u00e1 enfrentar retos de manera estrat\u00e9gica y eficiente.<\/p>\n\n\n\n<p>Por otro lado, afirm\u00f3 que, las oportunidades laborales y la obtenci\u00f3n de un mejor salario est\u00e1n muy asociadas al nivel de educaci\u00f3n que se tiene, pues de acuerdo al Instituto Mexicano para la Competitividad (IMCO), la diferencia entre lo que gana una persona que tiene estudios de licenciatura y posgrado, es mucha, adem\u00e1s del porcentaje de empleos formales a los que se accede.<\/p>\n\n\n\n<p>Coment\u00f3 que, incrementar el nivel de capacidades, tambi\u00e9n puede resultar \u00fatil para cumplir el sue\u00f1o de crear un negocio propio y dirigirlo hacia el \u00e9xito, ya que un posgrado nutrir\u00e1 de conocimientos y aptitudes valiosas para poner en marcha el emprendimiento que se tiene en mente.<\/p>\n\n\n\n<p>Mart\u00ednez Sosa, explic\u00f3 que, estudiar un posgrado, puede brindar mayor capacidad de liderazgo, pues un buen l\u00edder cuenta con una formaci\u00f3n complementaria, al tiempo que podr\u00e1 conocer a mucha gente de alto perfil, con experiencia y que se desarrolla en diferentes sectores.<\/p>\n\n\n\n<p>En esta primera sesi\u00f3n de la Feria Virtual de Posgrado, se presentaron los siguientes programas de posgrado: Maestr\u00eda en Mercadotecnia e Innovaci\u00f3n Social, Maestr\u00eda en Ciencias de la Educaci\u00f3n, Maestr\u00eda en Administraci\u00f3n, Maestr\u00eda en Contribuciones Tributarias, Maestr\u00eda en Ciencia y Tecnolog\u00eda Qu\u00edmica, Maestr\u00eda en Energ\u00eda y Sustentabilidad Energ\u00e9tica.<\/p>\n\n\n\n<p>Para m\u00e1s informaci\u00f3n ingresar a los sitios http:\/\/www.investigacionyposgrado.uadec.mx\/inicio\/admisiones-posgrado\/ y http:\/\/www.investigacionyposgrado.uadec.mx\/feriavirtuald\u2026\/, escribir al correo divulgacionDIP@uadec.edu.mx o llamar a los tel\u00e9fonos (844) 410 0278, (844) 414 8582 y (844) 412 9094.<\/p>\n","protected":false},"excerpt":{"rendered":"<p>SALTILLO, Coahuila. 11 de septiembre de 2023. Con el objetivo de dar a conocer la oferta acad\u00e9mica en maestr\u00edas y doctorados de la Universidad Aut\u00f3noma de Coahuila, este lunes inici\u00f3 la \u201cFeria Virtual de Posgrados\u201d, que lleva a cabo la Direcci\u00f3n de Investigaci\u00f3n y Posgrado y se desarrolla del 11 al 14 de septiembre de&#8230;<\/p>\n","protected":false},"author":1,"featured_media":1056,"comment_status":"open","ping_status":"open","sticky":false,"template":"","format":"standard","meta":{"footnotes":""},"categories":[9,11],"tags":[],"class_list":["post-1055","post","type-post","status-publish","format-standard","has-post-thumbnail","hentry","category-uac-uac","category-uac"],"_links":{"self":[{"href":"https:\/\/lagumex.mx\/index\/wp-json\/wp\/v2\/posts\/1055","targetHints":{"allow":["GET"]}}],"collection":[{"href":"https:\/\/lagumex.mx\/index\/wp-json\/wp\/v2\/posts"}],"about":[{"href":"https:\/\/lagumex.mx\/index\/wp-json\/wp\/v2\/types\/post"}],"author":[{"embeddable":true,"href":"https:\/\/lagumex.mx\/index\/wp-json\/wp\/v2\/users\/1"}],"replies":[{"embeddable":true,"href":"https:\/\/lagumex.mx\/index\/wp-json\/wp\/v2\/comments?post=1055"}],"version-history":[{"count":1,"href":"https:\/\/lagumex.mx\/index\/wp-json\/wp\/v2\/posts\/1055\/revisions"}],"predecessor-version":[{"id":1057,"href":"https:\/\/lagumex.mx\/index\/wp-json\/wp\/v2\/posts\/1055\/revisions\/1057"}],"wp:featuredmedia":[{"embeddable":true,"href":"https:\/\/lagumex.mx\/index\/wp-json\/wp\/v2\/media\/1056"}],"wp:attachment":[{"href":"https:\/\/lagumex.mx\/index\/wp-json\/wp\/v2\/media?parent=1055"}],"wp:term":[{"taxonomy":"category","embeddable":true,"href":"https:\/\/lagumex.mx\/index\/wp-json\/wp\/v2\/categories?post=1055"},{"taxonomy":"post_tag","embeddable":true,"href":"https:\/\/lagumex.mx\/index\/wp-json\/wp\/v2\/tags?post=1055"}],"curies":[{"name":"wp","href":"https:\/\/api.w.org\/{rel}","templated":true}]}}