{"id":1052,"date":"2023-09-13T17:53:39","date_gmt":"2023-09-13T17:53:39","guid":{"rendered":"http:\/\/lagumex.mx\/index\/?p=1052"},"modified":"2023-09-13T17:53:39","modified_gmt":"2023-09-13T17:53:39","slug":"avisa-uadec-que-por-desfile-universitario-en-ut-el-jueves-habra-cierre-temporal-de-algunas-vialidades","status":"publish","type":"post","link":"https:\/\/lagumex.mx\/index\/uncategorized\/uac\/uac-uac\/avisa-uadec-que-por-desfile-universitario-en-ut-el-jueves-habra-cierre-temporal-de-algunas-vialidades\/","title":{"rendered":"Avisa UAdeC que por Desfile Universitario en UT el Jueves Habr\u00e1 Cierre Temporal de Algunas Vialidades"},"content":{"rendered":"\n<p>TORRE\u00d3N, Coahuila. 12 de septiembre de 2023. La Universidad Aut\u00f3noma de Coahuila, informa que este jueves 14 de septiembre habr\u00e1 Cierre de Circulaci\u00f3n de algunas calles de la ciudad por el Desfile C\u00edvico Patrio Universitario de Bienvenida a los nuevos integrantes de la UAdeC Unidad Torre\u00f3n.<\/p>\n\n\n\n<p>A trav\u00e9s de la Coordinaci\u00f3n Unidad Torre\u00f3n de la UAdeC, se informa a la comunidad en general que los m\u00e1s de 2 mil alumnas y alumnos se concentrar\u00e1n en la Fuente del Pensador en la Alameda Zaragoza a partir de las 9:00 horas, posteriormente el desfile dar\u00e1 inicio a las 10:00 horas.<\/p>\n\n\n\n<p>El contingente saldr\u00e1 hacia la calle Gonz\u00e1lez Ortega y Av. Morelos, para dirigirse por esta v\u00eda hacia el poniente hasta la Calzada Col\u00f3n, para continuar hacia el sur hasta llegar al Auditorio Municipal de Torre\u00f3n, ubicado sobre la calle Delicias de la colonia Luis Echeverr\u00eda.<\/p>\n\n\n\n<p>En el lugar se desarrollar\u00e1 la Ceremonia C\u00edvica y se entregar\u00e1n los reconocimientos a quienes obtuvieron los mejores resultados del examen de admisi\u00f3n de las Escuelas, Facultades e Institutos de la Unidad Torre\u00f3n, posteriormente habr\u00e1 una verbena y actividades de convivencia.<\/p>\n\n\n\n<p>Se prev\u00e9 que la circulaci\u00f3n vehicular se reanude a partir de las 11:00 horas, por su apoyo y comprensi\u00f3n a automovilistas y peatones \u00a1Muchas Gracias!<\/p>\n","protected":false},"excerpt":{"rendered":"<p>TORRE\u00d3N, Coahuila. 12 de septiembre de 2023. La Universidad Aut\u00f3noma de Coahuila, informa que este jueves 14 de septiembre habr\u00e1 Cierre de Circulaci\u00f3n de algunas calles de la ciudad por el Desfile C\u00edvico Patrio Universitario de Bienvenida a los nuevos integrantes de la UAdeC Unidad Torre\u00f3n. A trav\u00e9s de la Coordinaci\u00f3n Unidad Torre\u00f3n de la&#8230;<\/p>\n","protected":false},"author":1,"featured_media":1053,"comment_status":"open","ping_status":"open","sticky":false,"template":"","format":"standard","meta":{"footnotes":""},"categories":[9,11],"tags":[],"class_list":["post-1052","post","type-post","status-publish","format-standard","has-post-thumbnail","hentry","category-uac-uac","category-uac"],"_links":{"self":[{"href":"https:\/\/lagumex.mx\/index\/wp-json\/wp\/v2\/posts\/1052","targetHints":{"allow":["GET"]}}],"collection":[{"href":"https:\/\/lagumex.mx\/index\/wp-json\/wp\/v2\/posts"}],"about":[{"href":"https:\/\/lagumex.mx\/index\/wp-json\/wp\/v2\/types\/post"}],"author":[{"embeddable":true,"href":"https:\/\/lagumex.mx\/index\/wp-json\/wp\/v2\/users\/1"}],"replies":[{"embeddable":true,"href":"https:\/\/lagumex.mx\/index\/wp-json\/wp\/v2\/comments?post=1052"}],"version-history":[{"count":1,"href":"https:\/\/lagumex.mx\/index\/wp-json\/wp\/v2\/posts\/1052\/revisions"}],"predecessor-version":[{"id":1054,"href":"https:\/\/lagumex.mx\/index\/wp-json\/wp\/v2\/posts\/1052\/revisions\/1054"}],"wp:featuredmedia":[{"embeddable":true,"href":"https:\/\/lagumex.mx\/index\/wp-json\/wp\/v2\/media\/1053"}],"wp:attachment":[{"href":"https:\/\/lagumex.mx\/index\/wp-json\/wp\/v2\/media?parent=1052"}],"wp:term":[{"taxonomy":"category","embeddable":true,"href":"https:\/\/lagumex.mx\/index\/wp-json\/wp\/v2\/categories?post=1052"},{"taxonomy":"post_tag","embeddable":true,"href":"https:\/\/lagumex.mx\/index\/wp-json\/wp\/v2\/tags?post=1052"}],"curies":[{"name":"wp","href":"https:\/\/api.w.org\/{rel}","templated":true}]}}