{"id":1041,"date":"2023-09-09T17:46:22","date_gmt":"2023-09-09T17:46:22","guid":{"rendered":"http:\/\/lagumex.mx\/index\/?p=1041"},"modified":"2023-09-13T17:47:37","modified_gmt":"2023-09-13T17:47:37","slug":"con-esteban-ahora-hay-mejores-servicios-de-salud-educativos-y-seguridad-priistas","status":"publish","type":"post","link":"https:\/\/lagumex.mx\/index\/durango\/con-esteban-ahora-hay-mejores-servicios-de-salud-educativos-y-seguridad-priistas\/","title":{"rendered":"Con Esteban ahora hay mejores servicios de salud, educativos y seguridad: Pri\u00edstas"},"content":{"rendered":"\n<h2 class=\"wp-block-heading\">Se han equilibrado las finanzas del estado durante este a\u00f1o: coinciden militantes del tricolor.<\/h2>\n\n\n\n<p>09 de septiembre de 2023.El Gobierno de Esteban ha dado grandes resultados en el tema de salud, educaci\u00f3n, seguridad e inversiones a un a\u00f1o de trabajo, manifest\u00f3 la diputada local por el Partido Revolucionario Institucional (PRI) Gabriela Hern\u00e1ndez L\u00f3pez, al destacar junto a legisladores, regidores, dirigentes y militantes del tricolor, que el Gobernador y su esposa Marisol Rosso, atienden las necesidades m\u00e1s sensibles de la poblaci\u00f3n.<\/p>\n\n\n\n<p>A un a\u00f1o de gobierno, la crisis financiera est\u00e1 equilibrada, la econom\u00eda del estado est\u00e1 mejor, se han entregado en tiempo y forma las participaciones a los municipios; la promoci\u00f3n para que vengan empresas a instalarse con empleos bien remunerados y que Durango sea m\u00e1s seguro, refrenda el trabajo del Gobernador y el compromiso que tiene con los duranguenses, consider\u00f3 por su parte el diputado del PRI, Ricardo L\u00f3pez Pescador.<\/p>\n\n\n\n<p>Cristian Mijares, presidente del Comit\u00e9 Municipal del PRI en G\u00f3mez Palacio, reconoci\u00f3 que este a\u00f1o el trabajo de Esteban al frente de la Administraci\u00f3n Estatal es impresionante; \u201caunque se recibi\u00f3 el estado en n\u00fameros rojos, Esteban ha sacado a la entidad del problema financiero, adem\u00e1s se han implementado acciones para que los duranguenses salgan adelante\u201d, a\u00f1adi\u00f3 al reiterar su apoyo y compromiso de trabajar de la mano por el bienestar de las familias.<\/p>\n\n\n\n<p>Por su parte, los regidores F\u00e1tima Gonz\u00e1lez Huizar y Pedro Silerio Garc\u00eda, coincidieron en que, a pesar de ser un a\u00f1o con complicaciones financieras, se han tenido apoyos en rubros como el campo con entrega de semilla de avena y suplemento para ganado, adem\u00e1s del impulso a la salud que est\u00e1 llegando a donde nunca antes hab\u00edan tenido estos servicios.<\/p>\n\n\n\n<p>Alicia Gamboa, s\u00edndica municipal y militante del PRI, felicit\u00f3 al Gobernador por su primer a\u00f1o de trabajo, y coment\u00f3 que Durango, con Esteban Villegas, tiene mucho futuro y le va a cumplir a los duranguenses, porque es un hombre visionario y comprometido; \u201ccreemos en \u00e9l, confiamos en \u00e9l y vamos a trabajar de mano para que al estado le vaya bien\u201d, finaliz\u00f3.<\/p>\n","protected":false},"excerpt":{"rendered":"<p>Se han equilibrado las finanzas del estado durante este a\u00f1o: coinciden militantes del tricolor. 09 de septiembre de 2023.El Gobierno de Esteban ha dado grandes resultados en el tema de salud, educaci\u00f3n, seguridad e inversiones a un a\u00f1o de trabajo, manifest\u00f3 la diputada local por el Partido Revolucionario Institucional (PRI) Gabriela Hern\u00e1ndez L\u00f3pez, al destacar&#8230;<\/p>\n","protected":false},"author":1,"featured_media":0,"comment_status":"open","ping_status":"open","sticky":false,"template":"","format":"standard","meta":{"footnotes":""},"categories":[1],"tags":[],"class_list":["post-1041","post","type-post","status-publish","format-standard","hentry","category-durango"],"_links":{"self":[{"href":"https:\/\/lagumex.mx\/index\/wp-json\/wp\/v2\/posts\/1041","targetHints":{"allow":["GET"]}}],"collection":[{"href":"https:\/\/lagumex.mx\/index\/wp-json\/wp\/v2\/posts"}],"about":[{"href":"https:\/\/lagumex.mx\/index\/wp-json\/wp\/v2\/types\/post"}],"author":[{"embeddable":true,"href":"https:\/\/lagumex.mx\/index\/wp-json\/wp\/v2\/users\/1"}],"replies":[{"embeddable":true,"href":"https:\/\/lagumex.mx\/index\/wp-json\/wp\/v2\/comments?post=1041"}],"version-history":[{"count":1,"href":"https:\/\/lagumex.mx\/index\/wp-json\/wp\/v2\/posts\/1041\/revisions"}],"predecessor-version":[{"id":1042,"href":"https:\/\/lagumex.mx\/index\/wp-json\/wp\/v2\/posts\/1041\/revisions\/1042"}],"wp:attachment":[{"href":"https:\/\/lagumex.mx\/index\/wp-json\/wp\/v2\/media?parent=1041"}],"wp:term":[{"taxonomy":"category","embeddable":true,"href":"https:\/\/lagumex.mx\/index\/wp-json\/wp\/v2\/categories?post=1041"},{"taxonomy":"post_tag","embeddable":true,"href":"https:\/\/lagumex.mx\/index\/wp-json\/wp\/v2\/tags?post=1041"}],"curies":[{"name":"wp","href":"https:\/\/api.w.org\/{rel}","templated":true}]}}