{"id":1039,"date":"2023-09-08T17:45:10","date_gmt":"2023-09-08T17:45:10","guid":{"rendered":"http:\/\/lagumex.mx\/index\/?p=1039"},"modified":"2023-09-13T17:46:21","modified_gmt":"2023-09-13T17:46:21","slug":"tenemos-generales-para-mucho-tiempo-esteban-anuncia-que-equipo-de-beisbol-se-queda-en-durango","status":"publish","type":"post","link":"https:\/\/lagumex.mx\/index\/durango\/tenemos-generales-para-mucho-tiempo-esteban-anuncia-que-equipo-de-beisbol-se-queda-en-durango\/","title":{"rendered":"Tenemos Generales para mucho tiempo; Esteban anuncia que equipo de b\u00e9isbol se queda en Durango"},"content":{"rendered":"\n<h2 class=\"wp-block-heading\">El Gobernador es una persona seria y cumple con sus compromisos: Carlos Lazo, CEO del club deportivo.<\/h2>\n\n\n\n<p>08 de septiembre de 2023.Con el apoyo del Gobierno de Durango,&nbsp; se har\u00e1 un esfuerzo para que el costo de los boletos sea el mismo para la pr\u00f3xima temporada, adelantan.<\/p>\n\n\n\n<p>\u201cTenemos Generales de Durango para mucho tiempo\u201d, asegur\u00f3 el gobernador Esteban Villegas Villarreal, al anunciar junto al CEO de Los Generales, Carlos Lazo, que el equipo de b\u00e9isbol profesional se queda en la entidad para hacerle frente al siguiente torneo de la Liga Mexicana de B\u00e9isbol (LMB), gracias a la buena coordinaci\u00f3n que se tiene entre el Gobierno del Estado y la directiva.<\/p>\n\n\n\n<p>Los Generales ya tienen su afici\u00f3n y la gente quer\u00eda que se quedar\u00e1n, expres\u00f3 el Mandatario Estatal, al destacar que se trabaja en conjunto para que el equipo se mantenga en la entidad, con varios acuerdos para esta pr\u00f3xima temporada, en la que ya se cuentan con varios acuerdos para que la novena villista tenga una buena racha.<\/p>\n\n\n\n<p>\u201cEl equipo tiene todo mi apoyo durante los pr\u00f3ximos cinco a\u00f1os que me quedan de Gobernador y queremos dejarlo consolidado para que no se vayan nunca de Durango\u201d, reiter\u00f3 Villegas Villarreal, al enlazarse virtualmente con medios de comunicaci\u00f3n que estuvieron presentes en el cuartel de Los Generales.<\/p>\n\n\n\n<p>\u201cEn Durango nos gusta aparte de hacer amigos, hacer familia y queremos que se sientan en familia y que se queden en este estado que est\u00e1 a punto de vivir cosas maravillosas\u201d, reiter\u00f3 el Mandatario Estatal a la directiva del equipo que milita en la LMB.<\/p>\n\n\n\n<p>Por su parte Carlos Lazo, reconoci\u00f3 que el Gobernador es una persona seria que cumple con los compromisos, lo que se ve reflejado en el apoyo al deporte en Durango para ponerlo en el mapa nacional&nbsp; y construir un gran estado.<\/p>\n","protected":false},"excerpt":{"rendered":"<p>El Gobernador es una persona seria y cumple con sus compromisos: Carlos Lazo, CEO del club deportivo. 08 de septiembre de 2023.Con el apoyo del Gobierno de Durango,&nbsp; se har\u00e1 un esfuerzo para que el costo de los boletos sea el mismo para la pr\u00f3xima temporada, adelantan. \u201cTenemos Generales de Durango para mucho tiempo\u201d, asegur\u00f3&#8230;<\/p>\n","protected":false},"author":1,"featured_media":0,"comment_status":"open","ping_status":"open","sticky":false,"template":"","format":"standard","meta":{"footnotes":""},"categories":[1],"tags":[],"class_list":["post-1039","post","type-post","status-publish","format-standard","hentry","category-durango"],"_links":{"self":[{"href":"https:\/\/lagumex.mx\/index\/wp-json\/wp\/v2\/posts\/1039","targetHints":{"allow":["GET"]}}],"collection":[{"href":"https:\/\/lagumex.mx\/index\/wp-json\/wp\/v2\/posts"}],"about":[{"href":"https:\/\/lagumex.mx\/index\/wp-json\/wp\/v2\/types\/post"}],"author":[{"embeddable":true,"href":"https:\/\/lagumex.mx\/index\/wp-json\/wp\/v2\/users\/1"}],"replies":[{"embeddable":true,"href":"https:\/\/lagumex.mx\/index\/wp-json\/wp\/v2\/comments?post=1039"}],"version-history":[{"count":1,"href":"https:\/\/lagumex.mx\/index\/wp-json\/wp\/v2\/posts\/1039\/revisions"}],"predecessor-version":[{"id":1040,"href":"https:\/\/lagumex.mx\/index\/wp-json\/wp\/v2\/posts\/1039\/revisions\/1040"}],"wp:attachment":[{"href":"https:\/\/lagumex.mx\/index\/wp-json\/wp\/v2\/media?parent=1039"}],"wp:term":[{"taxonomy":"category","embeddable":true,"href":"https:\/\/lagumex.mx\/index\/wp-json\/wp\/v2\/categories?post=1039"},{"taxonomy":"post_tag","embeddable":true,"href":"https:\/\/lagumex.mx\/index\/wp-json\/wp\/v2\/tags?post=1039"}],"curies":[{"name":"wp","href":"https:\/\/api.w.org\/{rel}","templated":true}]}}