{"id":1036,"date":"2023-09-07T17:43:39","date_gmt":"2023-09-07T17:43:39","guid":{"rendered":"http:\/\/lagumex.mx\/index\/?p=1036"},"modified":"2023-09-13T17:45:08","modified_gmt":"2023-09-13T17:45:08","slug":"esteban-ha-sabido-enfrentar-el-reto-a-pesar-de-recibir-un-estado-en-quiebra-subsecretario-de-gobernacion","status":"publish","type":"post","link":"https:\/\/lagumex.mx\/index\/durango\/esteban-ha-sabido-enfrentar-el-reto-a-pesar-de-recibir-un-estado-en-quiebra-subsecretario-de-gobernacion\/","title":{"rendered":"Esteban ha sabido enfrentar el reto a pesar de recibir un estado en quiebra: Subsecretario de Gobernaci\u00f3n"},"content":{"rendered":"\n<h2 class=\"wp-block-heading\">C\u00e9sar Y\u00e1\u00f1ez Centeno reconoci\u00f3 el trabajo, gesti\u00f3n y cercan\u00eda del Gobernador con el Presidente de la Rep\u00fablica, Andr\u00e9s Manuel L\u00f3pez Obrador.<\/h2>\n\n\n\n<p>07 de septiembre de 2023.Aqu\u00ed no se trata de partidos ni colores, se trata de los duranguenses, y se est\u00e1 haciendo un gran trabajo: Cynthia Hern\u00e1ndez, regidora de Morena.<\/p>\n\n\n\n<p>Esteban Villegas ha sabido enfrentar el reto a pesar de haber recibido el estado en quiebra, reconoci\u00f3 el subsecretario de Gobernaci\u00f3n, C\u00e9sar Y\u00e1\u00f1ez Centeno, uno de los hombres m\u00e1s cercanos al Presidente Andr\u00e9s Manuel L\u00f3pez Obrador, tras acudir al primer informe de resultados del mandatario duranguense, a quien reiter\u00f3 el apoyo total del Gobierno Federal.<\/p>\n\n\n\n<p>&nbsp;\u201cYo estuve aqu\u00ed cuando Esteban tom\u00f3 posesi\u00f3n y soy testigo de la crisis que estaba pasando el estado en ese momento; ha sabido lidiar, tocar puertas en el Gobierno y en empresas privadas para que vengan e inviertan, \u00e9l se dedic\u00f3 a trabajar, apenas lleva un a\u00f1o y ese trabajo ya est\u00e1 dando resultados; yo auguro que si sigue as\u00ed, va a entregar buenas cuentas al final del sexenio, lo van a extra\u00f1ar cuando se termine, van a pedirle que se quede otro tiempo\u201d, expres\u00f3 el Subsecretario.<\/p>\n\n\n\n<p>Por su parte, la diputada local Sandra Amaya Rosales, aval\u00f3 el acercamiento que Villegas Villarreal ha tenido con la Federaci\u00f3n en estos primeros 12 meses de trabajo, \u201cyo reconozco cuando se hacen bien las cosas, y esa cercan\u00eda y pl\u00e1ticas que el Gobernador ha tenido con el Gobierno de M\u00e9xico ha sido esencial para que Durango reciba apoyo\u201d, dijo al recordar las malas condiciones en las que el gobierno anterior dej\u00f3 al estado; \u201cva a ser dif\u00edcil avanzar, sabemos que todav\u00eda falta mucho, pero con ese acercamiento, vamos a poder salir adelante todos juntos\u201d, manifest\u00f3.<\/p>\n\n\n\n<p>La regidora de Morena, Cynthia Hern\u00e1ndez Qui\u00f1ones, felicit\u00f3 a Villegas Villarreal tras recalcar que a pesar que fue un a\u00f1o muy dif\u00edcil, el Gobierno de Esteban ha sabido enfrentar este reto, adem\u00e1s le reconoci\u00f3 su gesti\u00f3n por las visitas de Andr\u00e9s Manuel L\u00f3pez Obrador a la entidad as\u00ed como su buena comunicaci\u00f3n con \u00e9l; \u201caqu\u00ed no se trata de partidos ni colores, se trata de los duranguenses, por eso es importante dejar en claro a la ciudadan\u00eda que se est\u00e1 haciendo un gran trabajo, como tocar puertas, bajar recurso, seguir y poner en alto el nombre de Durango\u201d, concluy\u00f3.<\/p>\n","protected":false},"excerpt":{"rendered":"<p>C\u00e9sar Y\u00e1\u00f1ez Centeno reconoci\u00f3 el trabajo, gesti\u00f3n y cercan\u00eda del Gobernador con el Presidente de la Rep\u00fablica, Andr\u00e9s Manuel L\u00f3pez Obrador. 07 de septiembre de 2023.Aqu\u00ed no se trata de partidos ni colores, se trata de los duranguenses, y se est\u00e1 haciendo un gran trabajo: Cynthia Hern\u00e1ndez, regidora de Morena. Esteban Villegas ha sabido enfrentar&#8230;<\/p>\n","protected":false},"author":1,"featured_media":1037,"comment_status":"open","ping_status":"open","sticky":false,"template":"","format":"standard","meta":{"footnotes":""},"categories":[1],"tags":[],"class_list":["post-1036","post","type-post","status-publish","format-standard","has-post-thumbnail","hentry","category-durango"],"_links":{"self":[{"href":"https:\/\/lagumex.mx\/index\/wp-json\/wp\/v2\/posts\/1036","targetHints":{"allow":["GET"]}}],"collection":[{"href":"https:\/\/lagumex.mx\/index\/wp-json\/wp\/v2\/posts"}],"about":[{"href":"https:\/\/lagumex.mx\/index\/wp-json\/wp\/v2\/types\/post"}],"author":[{"embeddable":true,"href":"https:\/\/lagumex.mx\/index\/wp-json\/wp\/v2\/users\/1"}],"replies":[{"embeddable":true,"href":"https:\/\/lagumex.mx\/index\/wp-json\/wp\/v2\/comments?post=1036"}],"version-history":[{"count":1,"href":"https:\/\/lagumex.mx\/index\/wp-json\/wp\/v2\/posts\/1036\/revisions"}],"predecessor-version":[{"id":1038,"href":"https:\/\/lagumex.mx\/index\/wp-json\/wp\/v2\/posts\/1036\/revisions\/1038"}],"wp:featuredmedia":[{"embeddable":true,"href":"https:\/\/lagumex.mx\/index\/wp-json\/wp\/v2\/media\/1037"}],"wp:attachment":[{"href":"https:\/\/lagumex.mx\/index\/wp-json\/wp\/v2\/media?parent=1036"}],"wp:term":[{"taxonomy":"category","embeddable":true,"href":"https:\/\/lagumex.mx\/index\/wp-json\/wp\/v2\/categories?post=1036"},{"taxonomy":"post_tag","embeddable":true,"href":"https:\/\/lagumex.mx\/index\/wp-json\/wp\/v2\/tags?post=1036"}],"curies":[{"name":"wp","href":"https:\/\/api.w.org\/{rel}","templated":true}]}}