{"id":1030,"date":"2023-09-05T17:40:44","date_gmt":"2023-09-05T17:40:44","guid":{"rendered":"http:\/\/lagumex.mx\/index\/?p=1030"},"modified":"2023-09-13T17:42:07","modified_gmt":"2023-09-13T17:42:07","slug":"cumplimos-el-sueno-que-duranguenses-tengan-una-nueva-familia-dif-que-los-atiende-con-el-corazon-marisol-y-esteban","status":"publish","type":"post","link":"https:\/\/lagumex.mx\/index\/durango\/cumplimos-el-sueno-que-duranguenses-tengan-una-nueva-familia-dif-que-los-atiende-con-el-corazon-marisol-y-esteban\/","title":{"rendered":"Cumplimos el sue\u00f1o que duranguenses tengan una nueva familia DIF que los atiende con el coraz\u00f3n: Marisol y Esteban"},"content":{"rendered":"\n<h2 class=\"wp-block-heading\">En un a\u00f1o se tiene al alcance de todos, aparatos auditivos, pr\u00f3tesis oculares, dentales; programas alimentarios, asistenciales y tecnolog\u00eda de punta para rehabilitaci\u00f3n.<\/h2>\n\n\n\n<p>05 de septiembre de 2023. Con el DIF Estatal y el Gobierno del Estado, cumplimos el sue\u00f1o que los duranguenses tengan una nueva familia que les brinda atenci\u00f3n con el coraz\u00f3n y cuidados que desde hace mucho tiempo no ten\u00edan, como los programas asistenciales, tecnolog\u00eda avanzada para rehabilitaci\u00f3n y apoyo a los m\u00e1s vulnerables, afirmaron el gobernador Esteban Villegas Villarreal y su esposa, Marisol Rosso.<\/p>\n\n\n\n<p>A trav\u00e9s del DIF Estatal, recuperamos el coraz\u00f3n de Durango y pusimos nuevamente al alcance de todos, los programas sociales, desde ayuda alimentaria para los sectores m\u00e1s vulnerables, equipamiento de alta tecnolog\u00eda en los Centros de Rehabilitaci\u00f3n y Educaci\u00f3n Especial (CREE), con el Lokomat, un robot que ayuda a recuperar la movilidad del cuerpo, as\u00ed como donativos econ\u00f3micos para el mejoramiento del Centro de Cancerolog\u00eda (CECAN), destac\u00f3 el Mandatario al detallar acciones emprendidas estos primeros 12 meses de trabajo.<\/p>\n\n\n\n<p>Entregamos aparatos funcionales como lentes, pr\u00f3tesis oculares, dentales y auxiliares auditivos, llevamos decenas de toneladas de huevo en apoyo a la econom\u00eda familias, adem\u00e1s de apoyos alimentarios de acuerdo a las caracter\u00edsticas de la poblaci\u00f3n vulnerable, inform\u00f3.<\/p>\n\n\n\n<p>Cientos de familias han compartido sus historias de c\u00f3mo se ha favorecido su vida, como los adultos mayores con aparatos auditivos gratuitos, relatos \u00fanicos y llenos de alegr\u00eda, personas que por primera vez ha podido escuchar, y en otros casos, gracias a este programa que se llev\u00f3 a cabo en coordinaci\u00f3n con el Patrimonio de la Beneficencia P\u00fablica, se distribuyen 2 mil 310 dispositivos para 24 municipios en una primera etapa.<\/p>\n\n\n\n<p>As\u00ed como ellos, m\u00e1s de 600 familias de diferentes municipios, recibieron apoyos de movilidad entre sillas de ruedas, sillas PCI, bastones y muletas en conjunto con el PBP, que m\u00e1s que un implemento, representa un acompa\u00f1amiento y una atenci\u00f3n del Gobierno para mejorar la vida de los m\u00e1s vulnerables, explic\u00f3.<\/p>\n\n\n\n<p>Adicionalmente, expuso que, gracias a un manual creado por personal del DIF y con asesor\u00eda del organismo nacional, se avanz\u00f3 en certificaci\u00f3n y credencializaci\u00f3n para los beneficiarios de los CREEs; hab\u00eda rezago de tres mil certificaciones y ahora, se tienen 30 m\u00e9dicos y 20 trabajadoras sociales, con lo que se tendr\u00e1 alto impacto social, econ\u00f3mico y sobre todo la atenci\u00f3n de calidad y con calidez.<\/p>\n\n\n\n<p>Recalc\u00f3 que el objetivo primordial del primer Eje que marca el rumbo del Gobierno Estatal, es lograr un \u201cDurango Solidario, Inclusivo y con Bienestar Social\u201d, lo que ha sido posible ir cumpliendo, cambiando la vida de muchos duranguenses y logrando una integraci\u00f3n social a favor de todos.<\/p>\n","protected":false},"excerpt":{"rendered":"<p>En un a\u00f1o se tiene al alcance de todos, aparatos auditivos, pr\u00f3tesis oculares, dentales; programas alimentarios, asistenciales y tecnolog\u00eda de punta para rehabilitaci\u00f3n. 05 de septiembre de 2023. Con el DIF Estatal y el Gobierno del Estado, cumplimos el sue\u00f1o que los duranguenses tengan una nueva familia que les brinda atenci\u00f3n con el coraz\u00f3n y&#8230;<\/p>\n","protected":false},"author":1,"featured_media":1031,"comment_status":"open","ping_status":"open","sticky":false,"template":"","format":"standard","meta":{"footnotes":""},"categories":[1],"tags":[],"class_list":["post-1030","post","type-post","status-publish","format-standard","has-post-thumbnail","hentry","category-durango"],"_links":{"self":[{"href":"https:\/\/lagumex.mx\/index\/wp-json\/wp\/v2\/posts\/1030","targetHints":{"allow":["GET"]}}],"collection":[{"href":"https:\/\/lagumex.mx\/index\/wp-json\/wp\/v2\/posts"}],"about":[{"href":"https:\/\/lagumex.mx\/index\/wp-json\/wp\/v2\/types\/post"}],"author":[{"embeddable":true,"href":"https:\/\/lagumex.mx\/index\/wp-json\/wp\/v2\/users\/1"}],"replies":[{"embeddable":true,"href":"https:\/\/lagumex.mx\/index\/wp-json\/wp\/v2\/comments?post=1030"}],"version-history":[{"count":1,"href":"https:\/\/lagumex.mx\/index\/wp-json\/wp\/v2\/posts\/1030\/revisions"}],"predecessor-version":[{"id":1032,"href":"https:\/\/lagumex.mx\/index\/wp-json\/wp\/v2\/posts\/1030\/revisions\/1032"}],"wp:featuredmedia":[{"embeddable":true,"href":"https:\/\/lagumex.mx\/index\/wp-json\/wp\/v2\/media\/1031"}],"wp:attachment":[{"href":"https:\/\/lagumex.mx\/index\/wp-json\/wp\/v2\/media?parent=1030"}],"wp:term":[{"taxonomy":"category","embeddable":true,"href":"https:\/\/lagumex.mx\/index\/wp-json\/wp\/v2\/categories?post=1030"},{"taxonomy":"post_tag","embeddable":true,"href":"https:\/\/lagumex.mx\/index\/wp-json\/wp\/v2\/tags?post=1030"}],"curies":[{"name":"wp","href":"https:\/\/api.w.org\/{rel}","templated":true}]}}