{"id":1019,"date":"2023-09-12T17:33:50","date_gmt":"2023-09-12T17:33:50","guid":{"rendered":"http:\/\/lagumex.mx\/index\/?p=1019"},"modified":"2023-09-13T17:35:14","modified_gmt":"2023-09-13T17:35:14","slug":"atiende-sapal-reporte-de-brote-de-aguas-en-preescolar","status":"publish","type":"post","link":"https:\/\/lagumex.mx\/index\/lerdo\/atiende-sapal-reporte-de-brote-de-aguas-en-preescolar\/","title":{"rendered":"Atiende SAPAL reporte de brote de aguas en preescolar"},"content":{"rendered":"\n<h2 class=\"wp-block-heading\">SAPAL atendi\u00f3 un reporte urgente relacionado con el brote de aguas negras que representaba una amenaza para la salud de los estudiantes de la instituci\u00f3n educativa preescolar Francisco Villa<\/h2>\n\n\n\n<p>12 de septiembre de 2023.El Sistema de Agua Potable y Alcantarillado en Lerdo (SAPAL), atendi\u00f3 un reporte urgente relacionado con el brote de aguas negras que representaba una amenaza para la salud, el bienestar de los estudiantes y el personal de la instituci\u00f3n educativa preescolar Francisco Villa, ubicada en la colonia 5 de Mayo.<\/p>\n\n\n\n<p>Ignacio Ram\u00edrez Ontiveros, gerente general del SAPAL, destac\u00f3 la importancia de la colaboraci\u00f3n entre la comunidad y las autoridades locales para resolver este tipo de situaciones de manera efectiva, \u00b4por lo que se moviliz\u00f3 la unidad vactor del SAPAL, que est\u00e1 especializada en la limpieza de alcantarillado.<\/p>\n\n\n\n<p>En este contexto, el funcionario subray\u00f3 la necesidad de que los ciudadanos mantengan un monitoreo regular de sus sistemas de plomer\u00eda y alcantarillado para evitar problemas futuros. Adem\u00e1s, exhort\u00f3 a no arrojar residuos que puedan obstruir el funcionamiento del drenaje p\u00fablico, ya que esto puede dar lugar a situaciones similares en otras \u00e1reas de la ciudad.<\/p>\n\n\n\n<p>Las cuadrillas de SAPAL agradecen la cooperaci\u00f3n de la sociedad y reafirman su compromiso de abordar de manera oportuna los problemas que puedan surgir en la red de distribuci\u00f3n para mantener un suministro de agua potable confiable y eficiente.<\/p>\n","protected":false},"excerpt":{"rendered":"<p>SAPAL atendi\u00f3 un reporte urgente relacionado con el brote de aguas negras que representaba una amenaza para la salud de los estudiantes de la instituci\u00f3n educativa preescolar Francisco Villa 12 de septiembre de 2023.El Sistema de Agua Potable y Alcantarillado en Lerdo (SAPAL), atendi\u00f3 un reporte urgente relacionado con el brote de aguas negras que&#8230;<\/p>\n","protected":false},"author":1,"featured_media":1020,"comment_status":"open","ping_status":"open","sticky":false,"template":"","format":"standard","meta":{"footnotes":""},"categories":[3],"tags":[],"class_list":["post-1019","post","type-post","status-publish","format-standard","has-post-thumbnail","hentry","category-lerdo"],"_links":{"self":[{"href":"https:\/\/lagumex.mx\/index\/wp-json\/wp\/v2\/posts\/1019","targetHints":{"allow":["GET"]}}],"collection":[{"href":"https:\/\/lagumex.mx\/index\/wp-json\/wp\/v2\/posts"}],"about":[{"href":"https:\/\/lagumex.mx\/index\/wp-json\/wp\/v2\/types\/post"}],"author":[{"embeddable":true,"href":"https:\/\/lagumex.mx\/index\/wp-json\/wp\/v2\/users\/1"}],"replies":[{"embeddable":true,"href":"https:\/\/lagumex.mx\/index\/wp-json\/wp\/v2\/comments?post=1019"}],"version-history":[{"count":1,"href":"https:\/\/lagumex.mx\/index\/wp-json\/wp\/v2\/posts\/1019\/revisions"}],"predecessor-version":[{"id":1021,"href":"https:\/\/lagumex.mx\/index\/wp-json\/wp\/v2\/posts\/1019\/revisions\/1021"}],"wp:featuredmedia":[{"embeddable":true,"href":"https:\/\/lagumex.mx\/index\/wp-json\/wp\/v2\/media\/1020"}],"wp:attachment":[{"href":"https:\/\/lagumex.mx\/index\/wp-json\/wp\/v2\/media?parent=1019"}],"wp:term":[{"taxonomy":"category","embeddable":true,"href":"https:\/\/lagumex.mx\/index\/wp-json\/wp\/v2\/categories?post=1019"},{"taxonomy":"post_tag","embeddable":true,"href":"https:\/\/lagumex.mx\/index\/wp-json\/wp\/v2\/tags?post=1019"}],"curies":[{"name":"wp","href":"https:\/\/api.w.org\/{rel}","templated":true}]}}