{"id":1016,"date":"2023-09-11T17:32:21","date_gmt":"2023-09-11T17:32:21","guid":{"rendered":"http:\/\/lagumex.mx\/index\/?p=1016"},"modified":"2023-09-13T17:33:49","modified_gmt":"2023-09-13T17:33:49","slug":"afinan-detalles-para-dar-el-grito-en-lerdo","status":"publish","type":"post","link":"https:\/\/lagumex.mx\/index\/lerdo\/afinan-detalles-para-dar-el-grito-en-lerdo\/","title":{"rendered":"Afinan detalles para dar el grito en Lerdo"},"content":{"rendered":"\n<h2 class=\"wp-block-heading\">Amenizar\u00e1n los grupos musicales Durango Norte y Mi Barrio Colombiano, completamente gratis en la explanada de la Presidencia Municipal<\/h2>\n\n\n\n<p>11 de septiembre de 2023. El Gobierno Municipal de Lerdo, a trav\u00e9s de las direcciones de Educaci\u00f3n, Arte y Cultura, dio a conocer que el pr\u00f3ximo viernes 15 de septiembre se contar\u00e1 con la presentaci\u00f3n especial de las agrupaciones musicales Mi Barrio Colombiano y Durango Norte, en el Paseo Sarabia para conmemorar el D\u00eda de la Independencia de M\u00e9xico.<\/p>\n\n\n\n<p>A partir de las 7:00 de la noche dar\u00e1n inicio los eventos culturales con la participaci\u00f3n de la Academia Voces de Mayran, las Hermanas Ponce, Sonora Dinamika, y la agrupaci\u00f3n musical Durango Norte.<\/p>\n\n\n\n<p>El Presidente Municipal Homero Mart\u00ednez Cabrera dar\u00e1 el grito en punto de las 10:30 de la noche, se espera contar con un contingente de 10 mil personas para culminar este importante evento patri\u00f3tico.<\/p>\n\n\n\n<p>El grupo de m\u00fasica tropical Mi Barrio Colombiano, cerrar\u00e1 con broche de oro en la explanada de de la Presidencia Municipal de Ciudad Lerdo, Durango, con la inigualable voz de Alicia Sifuentes Ramos.<\/p>\n","protected":false},"excerpt":{"rendered":"<p>Amenizar\u00e1n los grupos musicales Durango Norte y Mi Barrio Colombiano, completamente gratis en la explanada de la Presidencia Municipal 11 de septiembre de 2023. El Gobierno Municipal de Lerdo, a trav\u00e9s de las direcciones de Educaci\u00f3n, Arte y Cultura, dio a conocer que el pr\u00f3ximo viernes 15 de septiembre se contar\u00e1 con la presentaci\u00f3n especial&#8230;<\/p>\n","protected":false},"author":1,"featured_media":1017,"comment_status":"open","ping_status":"open","sticky":false,"template":"","format":"standard","meta":{"footnotes":""},"categories":[3],"tags":[],"class_list":["post-1016","post","type-post","status-publish","format-standard","has-post-thumbnail","hentry","category-lerdo"],"_links":{"self":[{"href":"https:\/\/lagumex.mx\/index\/wp-json\/wp\/v2\/posts\/1016","targetHints":{"allow":["GET"]}}],"collection":[{"href":"https:\/\/lagumex.mx\/index\/wp-json\/wp\/v2\/posts"}],"about":[{"href":"https:\/\/lagumex.mx\/index\/wp-json\/wp\/v2\/types\/post"}],"author":[{"embeddable":true,"href":"https:\/\/lagumex.mx\/index\/wp-json\/wp\/v2\/users\/1"}],"replies":[{"embeddable":true,"href":"https:\/\/lagumex.mx\/index\/wp-json\/wp\/v2\/comments?post=1016"}],"version-history":[{"count":1,"href":"https:\/\/lagumex.mx\/index\/wp-json\/wp\/v2\/posts\/1016\/revisions"}],"predecessor-version":[{"id":1018,"href":"https:\/\/lagumex.mx\/index\/wp-json\/wp\/v2\/posts\/1016\/revisions\/1018"}],"wp:featuredmedia":[{"embeddable":true,"href":"https:\/\/lagumex.mx\/index\/wp-json\/wp\/v2\/media\/1017"}],"wp:attachment":[{"href":"https:\/\/lagumex.mx\/index\/wp-json\/wp\/v2\/media?parent=1016"}],"wp:term":[{"taxonomy":"category","embeddable":true,"href":"https:\/\/lagumex.mx\/index\/wp-json\/wp\/v2\/categories?post=1016"},{"taxonomy":"post_tag","embeddable":true,"href":"https:\/\/lagumex.mx\/index\/wp-json\/wp\/v2\/tags?post=1016"}],"curies":[{"name":"wp","href":"https:\/\/api.w.org\/{rel}","templated":true}]}}