{"id":1013,"date":"2023-09-09T17:30:08","date_gmt":"2023-09-09T17:30:08","guid":{"rendered":"http:\/\/lagumex.mx\/index\/?p=1013"},"modified":"2023-09-13T17:32:20","modified_gmt":"2023-09-13T17:32:20","slug":"encabeza-homero-martinez-mesa-de-construccion-de-la-paz-2","status":"publish","type":"post","link":"https:\/\/lagumex.mx\/index\/lerdo\/encabeza-homero-martinez-mesa-de-construccion-de-la-paz-2\/","title":{"rendered":"Encabeza Homero Mart\u00ednez Mesa de Construcci\u00f3n de la Paz"},"content":{"rendered":"\n<h2 class=\"wp-block-heading\">Contando con la presencia del Consejo Ciudadano de Seguridad en la Regi\u00f3n<\/h2>\n\n\n\n<p>09 de septiembre de 2023.El Municipio de Lerdo, fue sede la Mesa de Construcci\u00f3n de la Paz, misma que se desarroll\u00f3 en el Sal\u00f3n Azul de la Presidencia Municipal y estuvo encabezada por el Alcalde Homero Mart\u00ednez Cabrera, en compa\u00f1\u00eda del subsecretario de gobierno, Ra\u00fal Meraz, contando con la presencia del Consejo Ciudadano de Seguridad en la Regi\u00f3n.<\/p>\n\n\n\n<p>En su intervenci\u00f3n, el Presidente Municipal dio las gracias a las Secretar\u00edas de la Densa Nacional y Seguridad, as\u00ed como a la Guardia Nacional, por su presencia y participaci\u00f3n en estas mesas de trabajo que permiten a las corporaciones policiacas coadyuvar en la seguridad de la ciudadan\u00eda, y les exhort\u00f3 a colaborar en los pr\u00f3ximos operativos por motivo del 16 de septiembre.<\/p>\n\n\n\n<p>Se\u00f1al\u00f3 que, a trav\u00e9s de la coordinaci\u00f3n de cada una de las dependencias de seguridad en la regi\u00f3n, es posible presenciar un saldo blanco en los festejos a realizar en los municipios, siendo el principal inter\u00e9s del gobernador Esteban Villegas.<\/p>\n\n\n\n<p>Dio a conocer que en Lerdo, el evento cultural del d\u00eda 15 dar\u00e1 inicio en punto de las 7:00 de la noche y el grito de independencia alrededor de las 10:30 de la noche, mientras que el d\u00eda s\u00e1bado se desarrollar\u00e1 el tradicional desfile a las 4:00 de la tarde.<\/p>\n","protected":false},"excerpt":{"rendered":"<p>Contando con la presencia del Consejo Ciudadano de Seguridad en la Regi\u00f3n 09 de septiembre de 2023.El Municipio de Lerdo, fue sede la Mesa de Construcci\u00f3n de la Paz, misma que se desarroll\u00f3 en el Sal\u00f3n Azul de la Presidencia Municipal y estuvo encabezada por el Alcalde Homero Mart\u00ednez Cabrera, en compa\u00f1\u00eda del subsecretario de&#8230;<\/p>\n","protected":false},"author":1,"featured_media":1014,"comment_status":"open","ping_status":"open","sticky":false,"template":"","format":"standard","meta":{"footnotes":""},"categories":[3],"tags":[],"class_list":["post-1013","post","type-post","status-publish","format-standard","has-post-thumbnail","hentry","category-lerdo"],"_links":{"self":[{"href":"https:\/\/lagumex.mx\/index\/wp-json\/wp\/v2\/posts\/1013","targetHints":{"allow":["GET"]}}],"collection":[{"href":"https:\/\/lagumex.mx\/index\/wp-json\/wp\/v2\/posts"}],"about":[{"href":"https:\/\/lagumex.mx\/index\/wp-json\/wp\/v2\/types\/post"}],"author":[{"embeddable":true,"href":"https:\/\/lagumex.mx\/index\/wp-json\/wp\/v2\/users\/1"}],"replies":[{"embeddable":true,"href":"https:\/\/lagumex.mx\/index\/wp-json\/wp\/v2\/comments?post=1013"}],"version-history":[{"count":1,"href":"https:\/\/lagumex.mx\/index\/wp-json\/wp\/v2\/posts\/1013\/revisions"}],"predecessor-version":[{"id":1015,"href":"https:\/\/lagumex.mx\/index\/wp-json\/wp\/v2\/posts\/1013\/revisions\/1015"}],"wp:featuredmedia":[{"embeddable":true,"href":"https:\/\/lagumex.mx\/index\/wp-json\/wp\/v2\/media\/1014"}],"wp:attachment":[{"href":"https:\/\/lagumex.mx\/index\/wp-json\/wp\/v2\/media?parent=1013"}],"wp:term":[{"taxonomy":"category","embeddable":true,"href":"https:\/\/lagumex.mx\/index\/wp-json\/wp\/v2\/categories?post=1013"},{"taxonomy":"post_tag","embeddable":true,"href":"https:\/\/lagumex.mx\/index\/wp-json\/wp\/v2\/tags?post=1013"}],"curies":[{"name":"wp","href":"https:\/\/api.w.org\/{rel}","templated":true}]}}