{"id":1008,"date":"2023-09-07T17:25:10","date_gmt":"2023-09-07T17:25:10","guid":{"rendered":"http:\/\/lagumex.mx\/index\/?p=1008"},"modified":"2023-09-13T17:26:25","modified_gmt":"2023-09-13T17:26:25","slug":"fortalecen-talleres-dif-en-lerdo","status":"publish","type":"post","link":"https:\/\/lagumex.mx\/index\/lerdo\/fortalecen-talleres-dif-en-lerdo\/","title":{"rendered":"Fortalecen talleres DIF en Lerdo"},"content":{"rendered":"\n<h2 class=\"wp-block-heading\">La finalidad es apoyar a las mujeres emprendedoras<\/h2>\n\n\n\n<p>07 de septiembre de 2023.El Sistema para el Desarrollo Integral de la Familia (DIF) Lerdo, contin\u00faa fortaleciendo a la ciudadan\u00eda a trav\u00e9s de los talleres de capacitaci\u00f3n que forman parte del programa \u201cMujer Emprendedora\u201d.<\/p>\n\n\n\n<p>La titular del DIF, Olivia Ivonne Guti\u00e9rrez Garc\u00eda, reconoci\u00f3 al equipo del sistema municipal que trabaja para capacitar a las mujeres en los diferentes centros comunitarios y en las propias oficinas del DIF, impartiendo talleres de manualidades, reposter\u00eda, corte y confecci\u00f3n, belleza, barbershop y aplicaci\u00f3n de u\u00f1as.<\/p>\n\n\n\n<p>Representantes sociales respaldan primer a\u00f1o de gobierno de Homero Mart\u00ednez<\/p>\n\n\n\n<p>Resalt\u00f3 que es indicaci\u00f3n del Presidente Municipal Homero Mart\u00ednez cabrera y la presidenta honoraria del DIF y diputada Susy Torrecillas, trabajar por un Lerdo de resultados y garantizar el apoyo a las familias para la generaci\u00f3n de empleos, y por ende, contribuir al sustento diario.<\/p>\n\n\n\n<p>Asimismo, dijo que las alumnas desarrollan cada una de las actividades con esmero y pasi\u00f3n, dispuestas a aprender para poner en marcha todos los conocimientos y, en base a ello, iniciar sus propios micro negocios.<\/p>\n\n\n\n<p>Finalmente, puso a disposici\u00f3n de los interesados el tel\u00e9fono de oficina 87 17 25 30 32 para solicitar informaci\u00f3n sobre los cursos, y record\u00f3 que el edificio DIF se encuentra en la avenida Coronado y calle Morelos, en contra esquina de la plazuela Benito Ju\u00e1rez.<\/p>\n","protected":false},"excerpt":{"rendered":"<p>La finalidad es apoyar a las mujeres emprendedoras 07 de septiembre de 2023.El Sistema para el Desarrollo Integral de la Familia (DIF) Lerdo, contin\u00faa fortaleciendo a la ciudadan\u00eda a trav\u00e9s de los talleres de capacitaci\u00f3n que forman parte del programa \u201cMujer Emprendedora\u201d. La titular del DIF, Olivia Ivonne Guti\u00e9rrez Garc\u00eda, reconoci\u00f3 al equipo del sistema&#8230;<\/p>\n","protected":false},"author":1,"featured_media":0,"comment_status":"open","ping_status":"open","sticky":false,"template":"","format":"standard","meta":{"footnotes":""},"categories":[3],"tags":[],"class_list":["post-1008","post","type-post","status-publish","format-standard","hentry","category-lerdo"],"_links":{"self":[{"href":"https:\/\/lagumex.mx\/index\/wp-json\/wp\/v2\/posts\/1008","targetHints":{"allow":["GET"]}}],"collection":[{"href":"https:\/\/lagumex.mx\/index\/wp-json\/wp\/v2\/posts"}],"about":[{"href":"https:\/\/lagumex.mx\/index\/wp-json\/wp\/v2\/types\/post"}],"author":[{"embeddable":true,"href":"https:\/\/lagumex.mx\/index\/wp-json\/wp\/v2\/users\/1"}],"replies":[{"embeddable":true,"href":"https:\/\/lagumex.mx\/index\/wp-json\/wp\/v2\/comments?post=1008"}],"version-history":[{"count":1,"href":"https:\/\/lagumex.mx\/index\/wp-json\/wp\/v2\/posts\/1008\/revisions"}],"predecessor-version":[{"id":1009,"href":"https:\/\/lagumex.mx\/index\/wp-json\/wp\/v2\/posts\/1008\/revisions\/1009"}],"wp:attachment":[{"href":"https:\/\/lagumex.mx\/index\/wp-json\/wp\/v2\/media?parent=1008"}],"wp:term":[{"taxonomy":"category","embeddable":true,"href":"https:\/\/lagumex.mx\/index\/wp-json\/wp\/v2\/categories?post=1008"},{"taxonomy":"post_tag","embeddable":true,"href":"https:\/\/lagumex.mx\/index\/wp-json\/wp\/v2\/tags?post=1008"}],"curies":[{"name":"wp","href":"https:\/\/api.w.org\/{rel}","templated":true}]}}