{"id":1006,"date":"2023-09-06T17:23:56","date_gmt":"2023-09-06T17:23:56","guid":{"rendered":"http:\/\/lagumex.mx\/index\/?p=1006"},"modified":"2023-09-13T17:25:08","modified_gmt":"2023-09-13T17:25:08","slug":"alistan-preparativos-para-tradicional-desfile-militar-en-lerdo","status":"publish","type":"post","link":"https:\/\/lagumex.mx\/index\/lerdo\/alistan-preparativos-para-tradicional-desfile-militar-en-lerdo\/","title":{"rendered":"Alistan preparativos para tradicional desfile militar en Lerdo"},"content":{"rendered":"\n<h2 class=\"wp-block-heading\">Se contempla la participaci\u00f3n de 3 mil personas del sector educativo y m\u00e1s de 2 mil asistentes<\/h2>\n\n\n\n<p>06 de septiembre de 2023.Este martes por la ma\u00f1ana, la direcci\u00f3n de Educaci\u00f3n en Lerdo celebr\u00f3 una reuni\u00f3n con las diferentes \u00e1reas municipales y planteles educativos que participar\u00e1n en el Desfile Militar por motivo del 213 aniversario del inicio de la Independencia de M\u00e9xico.<\/p>\n\n\n\n<p>Al respecto, el secretario t\u00e9cnico Ram\u00f3n Acosta Barrios, presidi\u00f3 la reuni\u00f3n. Adem\u00e1s de Educaci\u00f3n, se cont\u00f3 con la participaci\u00f3n del Instituto del Deporte, Protecci\u00f3n Civil, Coordinaci\u00f3n de Bibliotecas, Seguridad P\u00fablica, Vialidad, Plazas y Mercados, Salud Municipal, DIF, as\u00ed como la Subsecretar\u00eda de Educaci\u00f3n, y representantes de instituciones educativas. Ah\u00ed se establecieron responsabilidades, se despejaron dudas y se designaron lugares.<\/p>\n\n\n\n<p>Hasta el momento, son 17 las escuelas secundarias, preparatorias y nivel superior que se han registrado para participar en el tradicional desfile que tendr\u00e1 lugar el s\u00e1bado 16 de septiembre a las 4:00 de la tarde, por el Paseo Sarabia.<\/p>\n\n\n\n<p>Al t\u00e9rmino de la junta, el director de Educaci\u00f3n Municipal Rom\u00e1n Alberto Herrera D\u00edaz dio a conocer que el pr\u00f3ximo mi\u00e9rcoles 13 de septiembre se desarrollar\u00e1 un acto c\u00edvico por el 176 aniversario de la gesta heroica de los Ni\u00f1os H\u00e9roes, a las 9:30 horas en la plaza principal.<\/p>\n\n\n\n<p>A\u00f1adi\u00f3 que el d\u00eda 15 de septiembre, la conmemoraci\u00f3n iniciar\u00e1 a las 10:00 de la ma\u00f1ana, en el Jard\u00edn de Ni\u00f1os Armando List Arzubide de la colonia San Isidro, lugar donde antes era la c\u00e1rcel municipal y estuvo detenido el cura Miguel Hidalgo y Costilla en su paso por Lerdo. A partir de las 6:00 de la tarde, en coordinaci\u00f3n con Arte y Cultura, se tienen programadas actividades culturales en el paseo Sarabia, y el Grito de Dolores se dar\u00e1 en punto de las 10:30 de la noche en el Sal\u00f3n Azul de la Presidencia Municipal, a cargo del alcalde Homero Mart\u00ednez.<\/p>\n","protected":false},"excerpt":{"rendered":"<p>Se contempla la participaci\u00f3n de 3 mil personas del sector educativo y m\u00e1s de 2 mil asistentes 06 de septiembre de 2023.Este martes por la ma\u00f1ana, la direcci\u00f3n de Educaci\u00f3n en Lerdo celebr\u00f3 una reuni\u00f3n con las diferentes \u00e1reas municipales y planteles educativos que participar\u00e1n en el Desfile Militar por motivo del 213 aniversario del&#8230;<\/p>\n","protected":false},"author":1,"featured_media":0,"comment_status":"open","ping_status":"open","sticky":false,"template":"","format":"standard","meta":{"footnotes":""},"categories":[3],"tags":[],"class_list":["post-1006","post","type-post","status-publish","format-standard","hentry","category-lerdo"],"_links":{"self":[{"href":"https:\/\/lagumex.mx\/index\/wp-json\/wp\/v2\/posts\/1006","targetHints":{"allow":["GET"]}}],"collection":[{"href":"https:\/\/lagumex.mx\/index\/wp-json\/wp\/v2\/posts"}],"about":[{"href":"https:\/\/lagumex.mx\/index\/wp-json\/wp\/v2\/types\/post"}],"author":[{"embeddable":true,"href":"https:\/\/lagumex.mx\/index\/wp-json\/wp\/v2\/users\/1"}],"replies":[{"embeddable":true,"href":"https:\/\/lagumex.mx\/index\/wp-json\/wp\/v2\/comments?post=1006"}],"version-history":[{"count":1,"href":"https:\/\/lagumex.mx\/index\/wp-json\/wp\/v2\/posts\/1006\/revisions"}],"predecessor-version":[{"id":1007,"href":"https:\/\/lagumex.mx\/index\/wp-json\/wp\/v2\/posts\/1006\/revisions\/1007"}],"wp:attachment":[{"href":"https:\/\/lagumex.mx\/index\/wp-json\/wp\/v2\/media?parent=1006"}],"wp:term":[{"taxonomy":"category","embeddable":true,"href":"https:\/\/lagumex.mx\/index\/wp-json\/wp\/v2\/categories?post=1006"},{"taxonomy":"post_tag","embeddable":true,"href":"https:\/\/lagumex.mx\/index\/wp-json\/wp\/v2\/tags?post=1006"}],"curies":[{"name":"wp","href":"https:\/\/api.w.org\/{rel}","templated":true}]}}