{"id":1002,"date":"2023-09-04T17:21:41","date_gmt":"2023-09-04T17:21:41","guid":{"rendered":"http:\/\/lagumex.mx\/index\/?p=1002"},"modified":"2023-09-13T17:22:46","modified_gmt":"2023-09-13T17:22:46","slug":"reconoce-magistrado-labor-y-trabajo-del-alcalde-homero-martinez","status":"publish","type":"post","link":"https:\/\/lagumex.mx\/index\/lerdo\/reconoce-magistrado-labor-y-trabajo-del-alcalde-homero-martinez\/","title":{"rendered":"Reconoce magistrado labor y trabajo del alcalde Homero Mart\u00ednez"},"content":{"rendered":"\n<h2 class=\"wp-block-heading\">04 de septiembre de 2023. El magistrado Luis L\u00f3pez Ib\u00e1\u00f1ez&nbsp; destac\u00f3 el desempe\u00f1o del alcalde lerdense Luego de ser part\u00edcipe en el Primer Informe de Resultados del Alcalde de Lerdo, Homero Mart\u00ednez Cabrera, como invitado especial y representante del Poder Judicial en el Estado, el Magistrado del Tribunal Superior de Justicia, Jos\u00e9 Luis L\u00f3pez Ib\u00e1\u00f1ez, aplaudi\u00f3 el desempe\u00f1o y los logros de la primera autoridad en el municipio.<\/h2>\n\n\n\n<p>Lo describi\u00f3 como \u201cun informe realista de un a\u00f1o de esfuerzos, trabajo y resultados\u201d que presenta todas las obras que se realizaron en pro de la ciudadan\u00eda durante el primer a\u00f1o de la administraci\u00f3n 2022 \u2013 2025, que preside el Dr. Homero Mart\u00ednez.<\/p>\n\n\n\n<p>Adem\u00e1s, destac\u00f3 la gran inversi\u00f3n que llega para el municipio del programa federal Agua Saludable para La Laguna, \u201cson m\u00e1s de 7 mil millones de pesos los que se est\u00e1n invirtiendo en suelo lerdense, y hacen que Lerdo se convierta en un lugar de oportunidades\u201d, puntualiz\u00f3.<\/p>\n\n\n\n<p>Cabe se\u00f1alar que el pasado mi\u00e9rcoles 30 de agosto, el Magistrado del Tribunal Superior de Justicia fue una de las primeras personas en recibir a manos del Presidente Municipal Homero Mart\u00ednez, el documento en f\u00edsico del Primer Informe de Resultados del edil, junto al Secretario de Educaci\u00f3n en el Estado, Guillermo Adame Calder\u00f3n, representante del Gobernador Esteban Villegas, y el presidente de la Junta de Coordinaci\u00f3n Pol\u00edtica del Congreso del Estado, diputado Alejandro Mujica Narv\u00e1ez.<\/p>\n\n\n\n<p>Mientes que para finalizar, el magistrado resalt\u00f3 que la inversi\u00f3n de m\u00e1s de 130 millones de pesos en cien obras sociales habla de la buena administraci\u00f3n municipal que encabeza el presidente Municipal Homero Mart\u00ednez.<\/p>\n","protected":false},"excerpt":{"rendered":"<p>04 de septiembre de 2023. El magistrado Luis L\u00f3pez Ib\u00e1\u00f1ez&nbsp; destac\u00f3 el desempe\u00f1o del alcalde lerdense Luego de ser part\u00edcipe en el Primer Informe de Resultados del Alcalde de Lerdo, Homero Mart\u00ednez Cabrera, como invitado especial y representante del Poder Judicial en el Estado, el Magistrado del Tribunal Superior de Justicia, Jos\u00e9 Luis L\u00f3pez Ib\u00e1\u00f1ez,&#8230;<\/p>\n","protected":false},"author":1,"featured_media":0,"comment_status":"open","ping_status":"open","sticky":false,"template":"","format":"standard","meta":{"footnotes":""},"categories":[3],"tags":[],"class_list":["post-1002","post","type-post","status-publish","format-standard","hentry","category-lerdo"],"_links":{"self":[{"href":"https:\/\/lagumex.mx\/index\/wp-json\/wp\/v2\/posts\/1002","targetHints":{"allow":["GET"]}}],"collection":[{"href":"https:\/\/lagumex.mx\/index\/wp-json\/wp\/v2\/posts"}],"about":[{"href":"https:\/\/lagumex.mx\/index\/wp-json\/wp\/v2\/types\/post"}],"author":[{"embeddable":true,"href":"https:\/\/lagumex.mx\/index\/wp-json\/wp\/v2\/users\/1"}],"replies":[{"embeddable":true,"href":"https:\/\/lagumex.mx\/index\/wp-json\/wp\/v2\/comments?post=1002"}],"version-history":[{"count":1,"href":"https:\/\/lagumex.mx\/index\/wp-json\/wp\/v2\/posts\/1002\/revisions"}],"predecessor-version":[{"id":1003,"href":"https:\/\/lagumex.mx\/index\/wp-json\/wp\/v2\/posts\/1002\/revisions\/1003"}],"wp:attachment":[{"href":"https:\/\/lagumex.mx\/index\/wp-json\/wp\/v2\/media?parent=1002"}],"wp:term":[{"taxonomy":"category","embeddable":true,"href":"https:\/\/lagumex.mx\/index\/wp-json\/wp\/v2\/categories?post=1002"},{"taxonomy":"post_tag","embeddable":true,"href":"https:\/\/lagumex.mx\/index\/wp-json\/wp\/v2\/tags?post=1002"}],"curies":[{"name":"wp","href":"https:\/\/api.w.org\/{rel}","templated":true}]}}